{"id":1521,"date":"2023-05-27T19:26:59","date_gmt":"2023-05-27T19:26:59","guid":{"rendered":"https:\/\/sattanen.info\/wordpress\/?p=1521"},"modified":"2023-05-27T19:29:59","modified_gmt":"2023-05-27T19:29:59","slug":"telttakaluston-vuokraus","status":"publish","type":"post","link":"https:\/\/sattanen.info\/wordpress\/?p=1521","title":{"rendered":"Telttakaluston vuokraus"},"content":{"rendered":"\n<p class=\"has-black-color has-text-color has-medium-font-size\">Sattasen Kyl\u00e4seura ry vuokraa omistamaansa telttakalustoa (kts. kuva). Teltat varataan Eija Heikkil\u00e4lt\u00e4 puh. +358 40 5763059. Telttakaluston vuokraushinnat:<\/p>\n\n\n\n<ul class=\"wp-block-list\">\n<li class=\"has-medium-font-size\">Perjantai-maanantai per teltta 150 \u20ac, kyl\u00e4l\u00e4iset 100 \u20ac<\/li>\n\n\n\n<li class=\"has-medium-font-size\">Vuorokausivuokraus 50 \u20ac\/vuorokausi, kyl\u00e4l\u00e4iset 25 \u20ac\/vuorokausi<\/li>\n\n\n\n<li class=\"has-medium-font-size\">P\u00f6yd\u00e4t ja tuolit 20 \u20ac viikonloppu, 10 \u20ac vuorokausi<\/li>\n<\/ul>\n\n\n\n<p class=\"has-black-color has-text-color has-medium-font-size\">Sattasen kyl\u00e4seura ry:n telttakaluston vuokrausehdot: <\/p>\n\n\n\n<p class=\"has-black-color has-text-color has-medium-font-size\">Kaluston vuokraaja sitoutuu k\u00e4sittelem\u00e4\u00e4n telttoja asianmukaisesti ja kokoamaan ne ohjeen mukaisesti (ohje l\u00f6ytyy kuljetuslaukun sivutaskusta) telttoja tai varusteita hajottamatta. Vuokraaja vastaa teltan kangasosien pesusta tai pesukustannuksista niiden likaantuessa omana vuokrausaikanaan. Vuokraaja vastaa penkkien ja p\u00f6ytien siistimisest\u00e4 oman vuokrausajan p\u00e4\u00e4ttyess\u00e4. Vuokraaja vastaa teltan tai sen osien rikkoutuessa uudelleenhankintakustannuksista.<\/p>\n\n\n\n<p class=\"has-black-color has-text-color has-medium-font-size\">Telttojen korvausarvot:<\/p>\n\n\n\n<ul class=\"wp-block-list\">\n<li class=\"has-medium-font-size\">Teltta 1307 \u20ac<\/li>\n\n\n\n<li class=\"has-medium-font-size\">Sein\u00e4t 4 kpl 260 \u20ac<\/li>\n\n\n\n<li class=\"has-medium-font-size\">Laukku 200 kpl<\/li>\n\n\n\n<li class=\"has-medium-font-size\">P\u00f6yt\u00e4 70 \u20ac kpl<\/li>\n\n\n\n<li class=\"has-medium-font-size\">Penkki 40 \u20ac kpl<\/li>\n<\/ul>\n\n\n\n<p class=\"has-black-color has-text-color has-medium-font-size\">Vuokraaja levitt\u00e4\u00e4 teltan ja p\u00f6yd\u00e4t varusteineen kuivattavaksi kyl\u00e4talon saliin oman vuokra-ajan p\u00e4\u00e4ttyess\u00e4.<\/p>\n","protected":false},"excerpt":{"rendered":"<p>Sattasen Kyl\u00e4seura ry vuokraa omistamaansa telttakalustoa (kts. kuva). Teltat varataan Eija Heikkil\u00e4lt\u00e4 puh. +358 40 5763059. Telttakaluston vuokraushinnat: Sattasen kyl\u00e4seura&#8230;<\/p>\n","protected":false},"author":1,"featured_media":1491,"comment_status":"closed","ping_status":"closed","sticky":true,"template":"","format":"standard","meta":{"_kadence_starter_templates_imported_post":false,"_kad_post_transparent":"","_kad_post_title":"","_kad_post_layout":"","_kad_post_sidebar_id":"","_kad_post_content_style":"","_kad_post_vertical_padding":"","_kad_post_feature":"","_kad_post_feature_position":"","_kad_post_header":false,"_kad_post_footer":false,"_kad_post_classname":"","footnotes":""},"categories":[1,6],"tags":[16],"class_list":["post-1521","post","type-post","status-publish","format-standard","has-post-thumbnail","hentry","category-kylaseura","category-uutiset","tag-teltat"],"_links":{"self":[{"href":"https:\/\/sattanen.info\/wordpress\/index.php?rest_route=\/wp\/v2\/posts\/1521","targetHints":{"allow":["GET"]}}],"collection":[{"href":"https:\/\/sattanen.info\/wordpress\/index.php?rest_route=\/wp\/v2\/posts"}],"about":[{"href":"https:\/\/sattanen.info\/wordpress\/index.php?rest_route=\/wp\/v2\/types\/post"}],"author":[{"embeddable":true,"href":"https:\/\/sattanen.info\/wordpress\/index.php?rest_route=\/wp\/v2\/users\/1"}],"replies":[{"embeddable":true,"href":"https:\/\/sattanen.info\/wordpress\/index.php?rest_route=%2Fwp%2Fv2%2Fcomments&post=1521"}],"version-history":[{"count":3,"href":"https:\/\/sattanen.info\/wordpress\/index.php?rest_route=\/wp\/v2\/posts\/1521\/revisions"}],"predecessor-version":[{"id":1524,"href":"https:\/\/sattanen.info\/wordpress\/index.php?rest_route=\/wp\/v2\/posts\/1521\/revisions\/1524"}],"wp:featuredmedia":[{"embeddable":true,"href":"https:\/\/sattanen.info\/wordpress\/index.php?rest_route=\/wp\/v2\/media\/1491"}],"wp:attachment":[{"href":"https:\/\/sattanen.info\/wordpress\/index.php?rest_route=%2Fwp%2Fv2%2Fmedia&parent=1521"}],"wp:term":[{"taxonomy":"category","embeddable":true,"href":"https:\/\/sattanen.info\/wordpress\/index.php?rest_route=%2Fwp%2Fv2%2Fcategories&post=1521"},{"taxonomy":"post_tag","embeddable":true,"href":"https:\/\/sattanen.info\/wordpress\/index.php?rest_route=%2Fwp%2Fv2%2Ftags&post=1521"}],"curies":[{"name":"wp","href":"https:\/\/api.w.org\/{rel}","templated":true}]}}